{"id":2138,"count":24,"description":"Milujete ve\u010dern\u00ed \u010dten\u00ed v posteli? P\u0159ed\u010d\u00edt\u00e1te ka\u017ed\u00fd den poh\u00e1dky na usnut\u00ed sv\u00fdm d\u011btem? Anebo v noci \u010dasto chod\u00edte na toaletu? Pak jsou pro v\u00e1s na\u0161e <strong>ve\u010dern\u00ed sv\u00edtidla ORAN\u017dOVKA<\/strong>\u00a0jako d\u011blan\u00e1!\r\n<ul>\r\n \t<li>P\u0159isp\u00edvaj\u00ed ke <strong>kvalitn\u00edmu sp\u00e1nku<\/strong><\/li>\r\n \t<li><strong>Neobsahuj\u00ed <\/strong><a href=\"https:\/\/svitimprotebe.cz\/svetlo-bez-modre-slozky-zdravy-spanek-zarucen\/\" target=\"_blank\" rel=\"noopener\">modrou slo\u017eku sv\u011btla<\/a>, kter\u00e1 je ve\u010der a v noci \u0161kodliv\u00e1<\/li>\r\n \t<li><strong>Nenaru\u0161uj\u00ed sp\u00e1nkov\u00fd re\u017eim<\/strong> ani <a href=\"https:\/\/svitimprotebe.cz\/benefity-zdraveho-osvetleni\/\" target=\"_blank\" rel=\"noopener\">cirkadi\u00e1nn\u00ed rytmus<\/a><\/li>\r\n \t<li>Vyd\u00e1vaj\u00ed p\u0159\u00edjemn\u00e9, <strong>\u017eluto oran\u017eov\u00e9 sv\u011btlo<\/strong> podobn\u00e9 plamenu ohn\u011b<\/li>\r\n<\/ul>\r\nA\u0165 u\u017e tedy hled\u00e1te <strong>orienta\u010dn\u00ed sv\u011btlo<\/strong> pro sv\u00e9 no\u010dn\u00ed v\u00fdlety po byt\u011b anebo chcete<strong> zdrav\u00e9 osv\u011btlen\u00ed pro ve\u010dern\u00ed \u010dten\u00ed<\/strong> \u010di jin\u00e9 \u010dinnosti, na\u0161e sv\u011btla bez modr\u00e9 slo\u017eky v\u00e1m dob\u0159e poslou\u017e\u00ed.\r\n\r\n[read more]\r\n<h3>N\u00e1sledujte p\u0159\u00edrodu<\/h3>\r\nNejlep\u0161\u00ed, co m\u016f\u017eete pro sv\u00e9 t\u011blo ud\u011blat je sna\u017eit se<strong> co nejv\u00edc napodobit venkovn\u00ed sv\u011btlo<\/strong>. V p\u0159\u00edrod\u011b je toti\u017e ve ve\u010dern\u00edch hodin\u00e1ch p\u0159irozen\u00e9 <strong>oran\u017eov\u00e9 sv\u011btlo podobaj\u00edc\u00ed se plamenu ho\u0159\u00edc\u00ed sv\u00ed\u010dky<\/strong> nebo ohn\u011b. A pr\u00e1v\u011b takov\u00e9 sv\u011btlo na\u0161e sv\u00edtidla bez modr\u00e9 slo\u017eky vyd\u00e1vaj\u00ed.\r\n\r\n[embed]https:\/\/www.youtube.com\/watch?v=mp2HY-WlavA[\/embed]\r\n\r\n<img class=\"aligncenter size-medium wp-image-152410\" src=\"https:\/\/svitimprotebe.cz\/eshop\/wp-content\/uploads\/2026\/04\/svetlo-oranzovka.jpg\" alt=\"\u010cten\u00ed s ve\u010dern\u00ed \u017e\u00e1rovkou Oran\u017eovka bez modr\u00e9ho sv\u011btla\" width=\"1\" height=\"1\" \/><img class=\"aligncenter size-medium wp-image-152408\" src=\"https:\/\/svitimprotebe.cz\/eshop\/wp-content\/uploads\/2026\/04\/oranzovka.jpg\" alt=\"Lampa s ve\u010dern\u00ed \u017e\u00e1rovkou Oran\u017eovka bez modr\u00e9ho sv\u011btla\" width=\"1\" height=\"1\" \/>\r\n\r\n[GDC_row]\r\n[GDC_column size=\"half\"]\r\n\r\n<strong>LED lampi\u010dka ORAN\u017dOVKA na \u010dten\u00ed s klipem<\/strong>\r\n\r\nTak\u00e9 se ka\u017ed\u00fd ve\u010der t\u011b\u0161\u00edte, a\u017e si v klidu sednete a otev\u0159ete kn\u00ed\u017eku? Anebo <strong>p\u0159ed\u010d\u00edt\u00e1te poh\u00e1dky na usnut\u00ed sv\u00fdm d\u011btem<\/strong>? Pak by v\u00e1m rozhodn\u011b nem\u011bla chyb\u011bt na\u0161e <a href=\"https:\/\/svitimprotebe.cz\/eshop\/svetlo-bez-modre-slozky\/svitidla-bez-modre-slozky\/?pa_stmivatelne=ano\" target=\"_blank\" rel=\"noopener\">LED lampi\u010dka ORAN\u017dOVKA s klipem bez modr\u00e9ho sv\u011btla<\/a>. Nejen\u017ee sv\u00edt\u00ed p\u0159\u00edjemn\u011b oran\u017eov\u00fdm sv\u011btlem, kter\u00e9 nenaru\u0161\u00ed v\u00e1\u0161 sp\u00e1nkov\u00fd re\u017eim, ale tak\u00e9 <strong>umo\u017e\u0148uje m\u011bnit intenzitu sv\u00edcen\u00ed<\/strong>. Nav\u00edc ji d\u00edky sk\u0159ipci m\u016f\u017eete p\u0159ipevnit prakticky kamkoliv a nabijete ji jednodu\u0161e p\u0159es USB. Zkr\u00e1tka dokonalost.\r\n\r\n<a href=\"https:\/\/svitimprotebe.cz\/eshop\/led-lampa-na-cteni-s-klipem-bez-modreho-svetla-stmivatelna\/\" target=\"_blank\" rel=\"noopener\"><img class=\"aligncenter wp-image-113095 size-medium\" src=\"https:\/\/svitimprotebe.cz\/eshop\/wp-content\/uploads\/2023\/10\/SINO-DS128-16-300x300.jpg\" alt=\"\" width=\"300\" height=\"300\" \/><\/a>\r\n\r\n[\/GDC_column]\r\n[GDC_column size=\"half\"]\r\n\r\n<strong>No\u010dn\u00ed sv\u011btlo ORAN\u017dOVKA s pohybov\u00fdm senzorem<\/strong>\r\n\r\nP\u0159epad\u00e1 v\u00e1s no\u010dn\u00ed \u017eravka, kv\u016fli kter\u00e9 vyr\u00e1\u017e\u00edte vykr\u00e1dat ledni\u010dku? Anebo v noci pravideln\u011b vst\u00e1v\u00e1te ke sv\u00e9mu mim\u010du? Vyu\u017eijte n\u011bkter\u00e9 z na\u0161ich no\u010dn\u00edch sv\u00edtidel bez modr\u00e9ho sv\u011btla. Nap\u0159\u00edklad sv\u00edtidla <a href=\"https:\/\/svitimprotebe.cz\/eshop\/svetlo-bez-modre-slozky\/svitidla-bez-modre-slozky\/?pa_pohybovy-senzor=ano\" target=\"_blank\" rel=\"noopener\">ORAN\u017dOVKA<\/a>, je\u017e maj\u00ed nav\u00edc i pohybov\u00fd senzor. Skv\u011ble v\u00e1m <strong>poslou\u017e\u00ed jako orienta\u010dn\u00ed osv\u011btlen\u00ed<\/strong>, kter\u00e9 prostor osv\u00edt\u00ed p\u0159esn\u011b tak, abyste se ve tm\u011b nep\u0159erazili, a z\u00e1rove\u0148 se v\u00e1m nenaru\u0161il sp\u00e1nkov\u00fd re\u017eim. A obl\u00edb\u00ed si je i d\u011bti, kter\u00e9 se v noci boj\u00ed tmy.\r\n\r\n<a href=\"https:\/\/svitimprotebe.cz\/eshop\/nocni-svetlo-maia-s-pohybovym-senzorem\/\" target=\"_blank\" rel=\"noopener\"><img class=\"aligncenter wp-image-17581 size-medium\" src=\"https:\/\/svitimprotebe.cz\/wp-content\/uploads\/2024\/03\/Snimek-obrazovky-2024-03-21-121902-300x300.jpg\" alt=\"No\u010dn\u00ed sv\u011btlo MAIA bez modr\u00e9ho sv\u011btla s pohybov\u00fdm senzorem\" width=\"300\" height=\"300\" \/><\/a>\r\n\r\n[\/GDC_column]\r\n[\/GDC_row]\r\n<h3>Pro\u010d se ve\u010der a v noci vyh\u00fdbat modr\u00e9mu sv\u011btlu?<\/h3>\r\nO modr\u00e9m sv\u011btle se \u010dasto mluv\u00ed jako o \u0161kodliv\u00e9m. <a href=\"https:\/\/svitimprotebe.cz\/biohacking-aneb-posunte-sve-zdravi-o-kousek-vys\/\" target=\"_blank\" rel=\"noopener\">Tak jednoduch\u00e9 to ale nen\u00ed<\/a>. V\u0161e z\u00e1le\u017e\u00ed na tom, <strong>kdy se takov\u00e9mu sv\u011btlu vystavujete<\/strong>. Modr\u00e1 slo\u017eka je sou\u010d\u00e1st\u00ed p\u0159irozen\u00e9ho denn\u00edho sv\u011btla a zejm\u00e9na <strong>p\u0159es den m\u016f\u017ee m\u00edt \u0159adu pozitivn\u00edch \u00fa\u010dink\u016f<\/strong>. Zv\u00fd\u0161\u00ed koncentraci, nabud\u00ed v\u00e1s energi\u00ed a celkov\u011b p\u0159isp\u011bje k\u00a0v\u011bt\u0161\u00ed produktivit\u011b. Zat\u00edmco b\u011bhem dne n\u00e1m modr\u00e9 sv\u011btlo dob\u0159e poslou\u017e\u00ed,<strong> ve\u010der a v noci se ale naopak st\u00e1v\u00e1 ne\u017e\u00e1douc\u00edm<\/strong>.\r\n\r\n[GDC_row]\r\n[GDC_column size=\"half\"]\r\n\r\n<strong>\u00da\u010dinky modr\u00e9ho sv\u011btla b\u011bhem dne<\/strong>\r\n<ul>\r\n \t<li>Zvy\u0161uje koncentraci<\/li>\r\n \t<li>Nabud\u00ed v\u00e1s energi\u00ed<\/li>\r\n \t<li>Zvy\u0161uje bd\u011blost<\/li>\r\n \t<li>P\u0159isp\u00edv\u00e1 k vy\u0161\u0161\u00ed produktivit\u011b<\/li>\r\n<\/ul>\r\n[\/GDC_column]\r\n[GDC_column size=\"half\"]\r\n\r\n<strong>\u00da\u010dinky modr\u00e9ho sv\u011btla ve ve\u010dern\u00edch hodin\u00e1ch<\/strong>\r\n<ul>\r\n \t<li>P\u0159isp\u00edv\u00e1 k rozvoji <a href=\"https:\/\/svitimprotebe.cz\/modre-svetlo-pred-spanim-a-jak-se-ho-zbavit\/\" target=\"_blank\" rel=\"noopener\">poruch sp\u00e1nku a nespavosti<\/a><\/li>\r\n \t<li>M\u00e1 negativn\u00ed vliv na imunitu<\/li>\r\n \t<li>Zvy\u0161uje krevn\u00ed tlak a cholesterol<\/li>\r\n \t<li>Naru\u0161uje p\u0159irozen\u00fd cirkadi\u00e1nn\u00ed rytmus<\/li>\r\n<\/ul>\r\n[\/GDC_column]\r\n[\/GDC_row]\r\n\r\n<img class=\"aligncenter size-large wp-image-152584\" src=\"https:\/\/svitimprotebe.cz\/eshop\/wp-content\/uploads\/2026\/04\/svetlo-oranzovka-4-1024x683.jpg\" alt=\"P\u00e1r si \u010dte a sv\u00edt\u00ed jim \u017dena pracuje a sv\u00edt\u00ed j\u00edm ve\u010dern\u00ed LED \u017e\u00e1rovka Oran\u017eovka\" width=\"800\" height=\"534\" \/>\r\n<h3>Jak pozn\u00e1te, \u017ee sv\u011btlo neobsahuje modrou slo\u017eku?<\/h3>\r\nJi\u017e na prvn\u00ed pohled si nejsp\u00ed\u0161 v\u0161imnete, \u017ee na rozd\u00edl od b\u011b\u017en\u00e9ho denn\u00edho osv\u011btlen\u00ed m\u00e1<strong> sv\u011btlo bez modr\u00e9 slo\u017eky \u017elutou a\u017e oran\u017eovou barvu<\/strong> podobnou plamenu ho\u0159\u00edc\u00ed sv\u00ed\u010dky. Pokud si ale chcete b\u00fdt stoprocentn\u011b jisti, \u017ee sv\u011btlo skute\u010dn\u011b neobsahuje \u017e\u00e1dnou modrou slo\u017eku, <strong>pod\u00edvejte se na jeho sv\u011btlen\u00e9 spektrum<\/strong>. Tento parametr m\u011b\u0159\u00edme u v\u0161ech nab\u00edzen\u00fdch sv\u00edtidel vlastn\u00edmi <a href=\"https:\/\/svitimprotebe.cz\/eshop\/merici-technika\/\" target=\"_blank\" rel=\"noopener\">m\u011b\u0159\u00edc\u00edmi p\u0159\u00edstroji<\/a>. Najdete ho u ka\u017ed\u00e9ho produktu <a href=\"https:\/\/svitimprotebe.cz\/wp-content\/uploads\/2024\/04\/Lapicka-bez-modreho-svetla-popis-svetelneho-spektra.jpg\" target=\"_blank\" rel=\"noopener\">na konci galerie obr\u00e1zk\u016f<\/a>.\r\n\r\n<img class=\"aligncenter wp-image-152583 size-large\" src=\"https:\/\/svitimprotebe.cz\/eshop\/wp-content\/uploads\/2026\/04\/mereni-oranzovka-1-1024x682.jpg\" alt=\"M\u011b\u0159en\u00ed sv\u011bteln\u00e9ho spektra ohn\u011b\" width=\"800\" height=\"533\" \/>\r\n\r\nNa obr\u00e1zc\u00edch n\u00ed\u017ee m\u016f\u017eete vid\u011bt <strong>m\u011bn\u00edc\u00ed se pod\u00edl modr\u00e9 slo\u017eky sv\u011btla<\/strong> s\u00a0rostouc\u00ed teplotou barvy od 1600 K\u00a0do 2700 K.\r\n\r\n[GDC_row]\r\n[GDC_column size=\"quarter\"]\r\n<p style=\"text-align: center\"><img class=\"aligncenter wp-image-115354\" src=\"https:\/\/svitimprotebe.cz\/eshop\/wp-content\/uploads\/2023\/10\/LED-zarovka-bez-modreho-svetla-1600K-spektrum-e1701156306656-4.jpg\" alt=\"\" width=\"400\" height=\"220\" \/><\/p>\r\n<p style=\"text-align: center\">Mno\u017estv\u00ed modr\u00e9ho sv\u011btla p\u0159i teplot\u011b barvy <strong>1600 K<\/strong>. <a href=\"https:\/\/svitimprotebe.cz\/eshop\/led-zarovka-bez-modreho-svetla-e14-2w-1600k\/\" target=\"_blank\" rel=\"noopener\">LED \u017e\u00e1rovka ORAN\u017dOVKA bez modr\u00e9ho sv\u011btla E14 2W 1600K<\/a> neobsahuje \u017e\u00e1dnou modrou slo\u017eku.<\/p>\r\n[\/GDC_column]\r\n[GDC_column size=\"quarter\"]\r\n\r\n<img class=\"aligncenter wp-image-9449\" src=\"https:\/\/svitimprotebe.cz\/eshop\/wp-content\/uploads\/2022\/01\/ChartName-0023-1800K.jpg\" alt=\"\" width=\"400\" height=\"220\" \/>\r\n<p style=\"text-align: center\">Mno\u017estv\u00ed modr\u00e9ho sv\u011btla p\u0159i teplot\u011b barvy <strong>1800 K<\/strong>. Takovou teplotou barvy sv\u00edt\u00ed t\u0159eba <a href=\"http:\/\/svitimprotebe.cz\/eshop\/led-zarovka-vintage-e27-4w-1800k-g200\/\" target=\"_blank\" rel=\"noopener\">LED \u017e\u00e1rovka Vintage E27 4W 1800K G200<\/a>.<\/p>\r\n[\/GDC_column]\r\n[GDC_column size=\"quarter\"]\r\n\r\n<img class=\"aligncenter wp-image-10685\" src=\"https:\/\/svitimprotebe.cz\/eshop\/wp-content\/uploads\/2022\/01\/ChartName-001-10.jpg\" alt=\"\" width=\"400\" height=\"220\" \/>\r\n<p style=\"text-align: center\">Mno\u017estv\u00ed modr\u00e9ho sv\u011btla p\u0159i teplot\u011b barvy <strong>2200 K<\/strong>. Takov\u00fd pom\u011br modr\u00e9ho sv\u011btla <span style=\"font-weight: 400\">najdete nap\u0159\u00edklad u <a href=\"https:\/\/svitimprotebe.cz\/eshop\/led-zarovka-ledvance-e27-25w-2200k\/\" target=\"_blank\" rel=\"noopener\">LED \u017e\u00e1rovky Ledvance E27 2,5W<\/a><\/span><\/p>\r\n[\/GDC_column]\r\n[GDC_column size=\"quarter\"]\r\n\r\n<img class=\"aligncenter wp-image-17155\" src=\"https:\/\/svitimprotebe.cz\/wp-content\/uploads\/2023\/12\/ChartName-001-1.jpg\" alt=\"\" width=\"400\" height=\"222\" \/>\r\n<p style=\"text-align: center\">Mno\u017estv\u00ed modr\u00e9ho sv\u011btla p\u0159i teplot\u011b barvy <strong>2700 K<\/strong>. Takov\u00fd pom\u011br modr\u00e9ho sv\u011btla <span style=\"font-weight: 400\">najdete t\u0159eba u <a href=\"https:\/\/svitimprotebe.cz\/eshop\/plnospektralni-led-zarovka-ledvance-e27-94w-2700k\/\" target=\"_blank\" rel=\"noopener\">Plnospektr\u00e1ln\u00ed LED \u017e\u00e1rovka Emos E27\u00a07,2W 2700K<\/a>.<\/span><\/p>\r\n[\/GDC_column]\r\n[\/GDC_row]\r\n<h3>Jak\u00fd vybrat sv\u011bteln\u00fd tok?<\/h3>\r\nDal\u0161\u00edm kl\u00ed\u010dov\u00fdm parametrem pro v\u00fdb\u011br sv\u00edtidel je tak\u00e9 jejich v\u00fdkon, respektive sv\u011bteln\u00fd tok. Ud\u00e1v\u00e1 se v lumenech (lm) \u2013 <strong>\u010d\u00edm v\u00edce lumen\u016f, t\u00edm jasn\u011bji sv\u011btlo sv\u00edt\u00ed<\/strong>.\r\n\r\nPro snadn\u011bj\u0161\u00ed orientaci jsme pro v\u00e1s p\u0159ipravili<strong> tabulku s doporu\u010den\u00fdm sv\u011bteln\u00fdm tokem <\/strong>podle velikosti m\u00edstnosti. <strong>Mno\u017estv\u00ed lumen\u016f ka\u017ed\u00e9ho sv\u00edtidla<\/strong> najdete v detailu produktu v sekci <a href=\"https:\/\/svitimprotebe.cz\/eshop\/wp-content\/uploads\/2025\/11\/svitidlo-parametry-svetelny-tok.jpg\" target=\"_blank\" rel=\"noopener\">parametry<\/a>. Sou\u010dtem lumen\u016f v\u0161ech sv\u00edtidel \u010di \u017e\u00e1rovek v m\u00edstnosti pak z\u00edsk\u00e1te celkov\u00fd sv\u011bteln\u00fd tok.\r\n<table style=\"border-collapse: collapse;width: 96.0331%;height: 237px\">\r\n<tbody>\r\n<tr style=\"height: 30px\">\r\n<td style=\"width: 33%;height: 57px;text-align: center\"><strong>Rozm\u011br m\u00edstnosti<\/strong><\/td>\r\n<td style=\"width: 33%;height: 57px;text-align: center\"><strong>Doporu\u010den\u00fd celkov\u00fd sv\u011bteln\u00fd tok pro ve\u010dern\u00ed sv\u00edcen\u00ed*<\/strong><\/td>\r\n<\/tr>\r\n<tr style=\"height: 24px\">\r\n<td style=\"width: 33%;height: 30px;text-align: center\">5 \u00a0m\u00b2<\/td>\r\n<td style=\"width: 33%;height: 30px;text-align: center\">625 lm<\/td>\r\n<\/tr>\r\n<tr style=\"height: 24px\">\r\n<td style=\"width: 33%;height: 30px;text-align: center\">10 m\u00b2<\/td>\r\n<td style=\"width: 33%;height: 30px;text-align: center\">1 125 lm<\/td>\r\n<\/tr>\r\n<tr style=\"height: 24px\">\r\n<td style=\"width: 33%;height: 30px;text-align: center\">20 m\u00b2<\/td>\r\n<td style=\"width: 33%;height: 30px;text-align: center\">2 000 lm<\/td>\r\n<\/tr>\r\n<tr style=\"height: 30px\">\r\n<td style=\"width: 33%;height: 30px;text-align: center\">30 m\u00b2<\/td>\r\n<td style=\"width: 33%;height: 30px;text-align: center\">3 000 lm<\/td>\r\n<\/tr>\r\n<tr style=\"height: 30px\">\r\n<td style=\"width: 33%;height: 30px;text-align: center\">40 m\u00b2<\/td>\r\n<td style=\"width: 33%;height: 30px;text-align: center\">3\u00a0750 lm<\/td>\r\n<\/tr>\r\n<tr style=\"height: 30px\">\r\n<td style=\"width: 33%;height: 30px;text-align: center\">50 m\u00b2<\/td>\r\n<td style=\"width: 33%;height: 30px;text-align: center\">5\u00a0250 lm<\/td>\r\n<\/tr>\r\n<\/tbody>\r\n<\/table>\r\n<em>*<strong>Po\u010dty lumen\u016f<\/strong>\u00a0 jsou p\u0159ibli\u017en\u00e9 a mohou b\u00fdt m\u00edrn\u011b ni\u017e\u0161\u00ed \u010di vy\u0161\u0161\u00ed v z\u00e1vislosti na \u00fa\u010delu m\u00edstnosti a va\u0161ich osobn\u00edch preferenc\u00edch. Pokud se celkov\u00fd po\u010det bude pohybovat v rozmez\u00ed \u00b1 500 lm, je to zcela v po\u0159\u00e1dku. <\/em>\r\n\r\n<strong>Ve\u0161ker\u00e9 hodnoty vych\u00e1zej\u00ed z na\u0161ich vlastn\u00edch propo\u010dt\u016f<\/strong> podlo\u017een\u00fdch <a href=\"https:\/\/svitimprotebe.cz\/zdroje\/\" target=\"_blank\" rel=\"noopener\">odborn\u00fdmi studiemi<\/a> a re\u00e1ln\u00fdmi zku\u0161enostmi z instalac\u00ed. M\u00e1me za sebou <a href=\"https:\/\/svitimprotebe.cz\/reference\/\" target=\"_blank\" rel=\"noopener\">des\u00edtky n\u00e1vrh\u016f a \u00fasp\u011b\u0161n\u00fdch realizac\u00ed osv\u011btlen\u00ed<\/a>, d\u00edky nim\u017e p\u0159esn\u011b v\u00edme, jak interi\u00e9r kvalitn\u011b a funk\u010dn\u011b osv\u011btlit.\r\n<h3>Odkud to v\u0161echno v\u00edme?<\/h3>\r\nV\u0161echny informace \u010derp\u00e1me z <a href=\"https:\/\/svitimprotebe.cz\/zdroje\/\" target=\"_blank\" rel=\"noopener\">odborn\u00fdch zdroj\u016f<\/a> a publikac\u00ed. Za prov\u011b\u0159en\u00ed sv\u00edtidel se pak zaru\u010duje n\u00e1\u0161 <strong>specialista na zdrav\u00e9 osv\u011btlen\u00ed Filip Ruml<\/strong>, kter\u00fd se tomuto oboru v\u011bnuje ji\u017e \u0159adu let. V\u00e1\u0161e\u0148 pro zdrav\u00e9 osv\u011btlen\u00ed se v n\u011bm probudila u\u017e na vysok\u00e9 \u0161kole. Tak\u00e9 proto sv\u00e9 studium zakon\u010dil diplomovou prac\u00ed na t\u00e9ma <a href=\"https:\/\/www.vut.cz\/www_base\/zav_prace_soubor_verejne.php?file_id=174881\" target=\"_blank\" rel=\"noopener\">\u201eN\u00e1vrh interi\u00e9rov\u00e9ho sv\u00edtidla v trendu Human Centric Lightning\u201c<\/a>. Pokud se tedy chcete <a href=\"https:\/\/svitimprotebe.cz\/eshop\/\" target=\"_blank\" rel=\"noopener\">poradit ohledn\u011b zdrav\u00e9ho osv\u011btlen\u00ed<\/a>\u00a0nebo m\u00e1te technick\u00fd dotaz,\u00a0<a href=\"https:\/\/svitimprotebe.cz\/kontakty\/?\" target=\"_blank\" rel=\"noopener\">zeptejte se Filipa<\/a>!\r\n\r\n[\/read]","link":"https:\/\/svitimprotebe.cz\/eshop\/svetlo-oranzovka\/vecerni-oranzovka\/vecerni-oranzovka-led-svitidla\/","name":"Ve\u010dern\u00ed Oran\u017eovka - LED sv\u00edtidla","slug":"vecerni-oranzovka-led-svitidla","taxonomy":"product_cat","parent":2015,"meta":[],"acf":[],"_links":{"self":[{"href":"https:\/\/svitimprotebe.cz\/eshop\/wp-json\/wp\/v2\/product_cat\/2138","targetHints":{"allow":["GET"]}}],"collection":[{"href":"https:\/\/svitimprotebe.cz\/eshop\/wp-json\/wp\/v2\/product_cat"}],"about":[{"href":"https:\/\/svitimprotebe.cz\/eshop\/wp-json\/wp\/v2\/taxonomies\/product_cat"}],"up":[{"embeddable":true,"href":"https:\/\/svitimprotebe.cz\/eshop\/wp-json\/wp\/v2\/product_cat\/2015"}],"wp:post_type":[{"href":"https:\/\/svitimprotebe.cz\/eshop\/wp-json\/wp\/v2\/product?product_cat=2138"}],"curies":[{"name":"wp","href":"https:\/\/api.w.org\/{rel}","templated":true}]}}